{"id":1410,"date":"2025-03-01T12:24:25","date_gmt":"2025-03-01T15:24:25","guid":{"rendered":"https:\/\/economiayviveros.com.ar\/portada\/?p=1410"},"modified":"2025-03-01T18:55:18","modified_gmt":"2025-03-01T21:55:18","slug":"ecofactory","status":"publish","type":"post","link":"https:\/\/economiayviveros.com.ar\/portada\/ecofactory\/","title":{"rendered":"Ecofactory"},"content":{"rendered":"\t\t<div data-elementor-type=\"wp-post\" data-elementor-id=\"1410\" class=\"elementor elementor-1410\" data-elementor-post-type=\"post\">\n\t\t\t\t<div class=\"elementor-element elementor-element-2cf79b35 e-flex e-con-boxed e-con e-parent\" data-id=\"2cf79b35\" data-element_type=\"container\">\n\t\t\t\t\t<div class=\"e-con-inner\">\n\t\t\t\t<div class=\"elementor-element elementor-element-349b61ba elementor-widget elementor-widget-text-editor\" data-id=\"349b61ba\" data-element_type=\"widget\" data-widget_type=\"text-editor.default\">\n\t\t\t\t<div class=\"elementor-widget-container\">\n\t\t\t\t\t\t\t\t\t\n<figure class=\"wp-block-gallery has-nested-images columns-default is-cropped wp-block-gallery-2 is-layout-flex wp-block-gallery-is-layout-flex\">\n<figure class=\"wp-block-image size-large\"><img fetchpriority=\"high\" decoding=\"async\" width=\"1024\" height=\"682\" data-id=\"1411\" class=\"wp-image-1411\" src=\"https:\/\/economiayviveros.com.ar\/portada\/wp-content\/uploads\/2025\/03\/Empresas-Ecofactory-0325-G-1024x682.jpg\" alt=\"\" srcset=\"https:\/\/economiayviveros.com.ar\/portada\/wp-content\/uploads\/2025\/03\/Empresas-Ecofactory-0325-G-1024x682.jpg 1024w, https:\/\/economiayviveros.com.ar\/portada\/wp-content\/uploads\/2025\/03\/Empresas-Ecofactory-0325-G-300x200.jpg 300w, https:\/\/economiayviveros.com.ar\/portada\/wp-content\/uploads\/2025\/03\/Empresas-Ecofactory-0325-G-768x511.jpg 768w, https:\/\/economiayviveros.com.ar\/portada\/wp-content\/uploads\/2025\/03\/Empresas-Ecofactory-0325-G.jpg 1202w\" sizes=\"(max-width: 1024px) 100vw, 1024px\" \/><\/figure>\n<\/figure>\n\n<p><strong>Responde: Diego Garc\u00eda Figueroa (51 a\u00f1os), gerente de Desarrollo Unidad de Negocio Composteras<\/strong><\/p>\n\n<p>Desde nuestra fundaci\u00f3n en marzo de 2010, en Vicente L\u00f3pez (Buenos Aires), en Ecofactory SRL, nos consideramos agentes en la lucha contra el cambio clim\u00e1tico. Nuestra misi\u00f3n es liderar el cambio cultural hacia la sostenibilidad, transformando los hogares en espacios m\u00e1s sustentables.<\/p>\n\n<p>Creemos firmemente que la reutilizaci\u00f3n y el compostaje son herramientas fundamentales para reducir la generaci\u00f3n de residuos y minimizar la contaminaci\u00f3n ambiental. La disminuci\u00f3n del gasto energ\u00e9tico que esto conlleva se traduce en una notable reducci\u00f3n de emisiones de carbono.<\/p>\n\n<p>Nuestra historia comienza hace m\u00e1s de quince a\u00f1os con la producci\u00f3n de bolsas ecol\u00f3gicas, con el prop\u00f3sito de combatir el problema ambiental causado por las desechables. Desde nuestra planta en la Argentina, fabricamos m\u00e1s de 6.000.000 de bolsas mensuales, que cumplen con estrictas normas de calidad y ambientales (ISO 9001 y 14001). Con el tiempo, hemos ampliado nuestra oferta de productos y servicios, y nos hemos diversificado hacia nuevas soluciones sustentables.<\/p>\n\n<p>Pero nuestras ambiciones no se han detenido ah\u00ed. Nos hemos propuesto expandir la pr\u00e1ctica del compostaje domiciliario, fomentando una cultura de sostenibilidad y responsabilidad ambiental que contribuya con un futuro m\u00e1s limpio y verde para las generaciones venideras. Creemos que cada peque\u00f1a acci\u00f3n cuenta y que, a trav\u00e9s del compostaje, los hogares pueden reducir significativamente su impacto ambiental.<\/p>\n\n<p>Como Empresa B Certificada, operamos bajo un modelo de triple impacto, en la que el r\u00e9dito econ\u00f3mico, la responsabilidad social y el impacto ambiental est\u00e1n interconectados, definiendo as\u00ed la sustentabilidad de nuestras operaciones. Este compromiso nos impulsa a seguir innovando y desarrollando productos que generen un cambio positivo en la sociedad y el planeta.<\/p>\n\n<p>En resumen, somos una empresa dedicada a construir un futuro m\u00e1s sustentable, promoviendo pr\u00e1cticas responsables y transformando la manera en que interactuamos con nuestro entorno.<\/p>\n\n<ul class=\"wp-block-list\">\n<li>Con\u00f3celos <a href=\"http:\/\/www.compost.ar\/\" target=\"_blank\" rel=\"noopener\">www.compost.ar<\/a><\/li>\n<\/ul>\n\n<p>\u00a0<\/p>\n\t\t\t\t\t\t\t\t<\/div>\n\t\t\t\t<\/div>\n\t\t\t\t\t<\/div>\n\t\t\t\t<\/div>\n\t\t<div class=\"elementor-element elementor-element-819c510 e-flex e-con-boxed e-con e-parent\" data-id=\"819c510\" data-element_type=\"container\">\n\t\t\t\t\t<div class=\"e-con-inner\">\n\t\t\t\t<div class=\"elementor-element elementor-element-a35bde4 elementor-widget elementor-widget-text-editor\" data-id=\"a35bde4\" data-element_type=\"widget\" data-widget_type=\"text-editor.default\">\n\t\t\t\t<div class=\"elementor-widget-container\">\n\t\t\t\t\t\t\t\t\t<h1><span style=\"color: #333333;\">Sobre el autor<\/span><\/h1>\t\t\t\t\t\t\t\t<\/div>\n\t\t\t\t<\/div>\n\t\t\t\t\t<\/div>\n\t\t\t\t<\/div>\n\t\t<div class=\"elementor-element elementor-element-4ac3fbd e-flex e-con-boxed e-con e-parent\" data-id=\"4ac3fbd\" data-element_type=\"container\">\n\t\t\t\t\t<div class=\"e-con-inner\">\n\t\t\t\t<div class=\"elementor-element elementor-element-2a3b90b elementor-author-box--link-yes elementor-author-box--avatar-yes elementor-author-box--name-yes elementor-author-box--biography-yes elementor-widget elementor-widget-author-box\" data-id=\"2a3b90b\" data-element_type=\"widget\" data-widget_type=\"author-box.default\">\n\t\t\t\t<div class=\"elementor-widget-container\">\n\t\t\t\t\t\t\t<div class=\"elementor-author-box\">\n\t\t\t\t\t\t\t<a href=\"https:\/\/economiayviveros.com.ar\/portada\/author\/helena\/\" class=\"elementor-author-box__avatar\">\n\t\t\t\t\t<img decoding=\"async\" src=\"https:\/\/economiayviveros.com.ar\/portada\/wp-content\/uploads\/2024\/12\/Logo-5-hojas-300x300.png\" alt=\"Picture of Econom\u00eda &amp; Viveros\" loading=\"lazy\">\n\t\t\t\t<\/a>\n\t\t\t\n\t\t\t<div class=\"elementor-author-box__text\">\n\t\t\t\t\t\t\t\t\t<a href=\"https:\/\/economiayviveros.com.ar\/portada\/author\/helena\/\">\n\t\t\t\t\t\t<h4 class=\"elementor-author-box__name\">\n\t\t\t\t\t\t\tEconom\u00eda &amp; Viveros\t\t\t\t\t\t<\/h4>\n\t\t\t\t\t<\/a>\n\t\t\t\t\n\t\t\t\t\t\t\t\t\t<div class=\"elementor-author-box__bio\">\n\t\t\t\t\t\tDesde el 2009 brinda toda la informaci\u00f3n sobre la floricultura argentina.\r\n\r\nEdiciones mensuales.\t\t\t\t\t<\/div>\n\t\t\t\t\n\t\t\t\t\t\t\t\t\t<a class=\"elementor-author-box__button elementor-button elementor-size-xs\" href=\"https:\/\/economiayviveros.com.ar\/portada\/author\/helena\/\">\n\t\t\t\t\t\tM\u00e1s notas\t\t\t\t\t<\/a>\n\t\t\t\t\t\t\t<\/div>\n\t\t<\/div>\n\t\t\t\t\t\t<\/div>\n\t\t\t\t<\/div>\n\t\t\t\t\t<\/div>\n\t\t\t\t<\/div>\n\t\t<div class=\"elementor-element elementor-element-5303468 e-flex e-con-boxed e-con e-parent\" data-id=\"5303468\" data-element_type=\"container\">\n\t\t\t\t\t<div class=\"e-con-inner\">\n\t\t\t\t<div class=\"elementor-element elementor-element-bb6f46a elementor-widget elementor-widget-text-editor\" data-id=\"bb6f46a\" data-element_type=\"widget\" data-widget_type=\"text-editor.default\">\n\t\t\t\t<div class=\"elementor-widget-container\">\n\t\t\t\t\t\t\t\t\t<p><strong>Anuncios<\/strong><\/p>\n<p><strong><span style=\"color: #ff6600;\">Glacoxan<\/span> <\/strong>Conoce su l\u00ednea org\u00e1nica: Bio neem (insecticida y acaricida), Jab\u00f3n pot\u00e1sico (insecticida y acaricida), Savia (antiestr\u00e9s). <a href=\"https:\/\/www.glacoxan.com\/\" target=\"_blank\" rel=\"noopener\">www.glacoxan.com<\/a><\/p>\n<p><strong><span style=\"color: #ff6600;\">Cubresuelo<\/span><\/strong> F\u00e1brica de hilados y tejidos realizados en monofilamento de polietileno de alta densidad. <a href=\"https:\/\/textilkopruch.com\/\" target=\"_blank\" rel=\"noopener\">www.textilkopruch.com<\/a><\/p>\n<p><strong><span style=\"color: #ff6600;\">Importaci\u00f3n de semillas y bulbos<\/span><\/strong> Flores para maceta y de corte, arom\u00e1ticas, hortalizas. Alm\u00e1cigos, semillas, plugs y bulbos. <a href=\"https:\/\/economiayviveros.com.ar\/publicidad\/as\/index.html\" target=\"_blank\" rel=\"noopener\">Arie Sonneveldt<\/a><\/p>\n<p style=\"text-align: right;\">Anuncia aqu\u00ed<br \/><span style=\"color: #008000;\"><a style=\"color: #008000;\" href=\"mailto:revista@economiayviveros.com.ar\" target=\"_blank\" rel=\"noopener\">revista@economiayviveros.com.ar<\/a><\/span><\/p>\t\t\t\t\t\t\t\t<\/div>\n\t\t\t\t<\/div>\n\t\t\t\t\t<\/div>\n\t\t\t\t<\/div>\n\t\t\t\t<\/div>\n\t\t","protected":false},"excerpt":{"rendered":"<p>EMPRESAS Naci\u00f3 con la misi\u00f3n de liderar el cambio hacia un mundo m\u00e1s sustentable. Conoce a esta Empresa B Certificada, que apuesta por la innovaci\u00f3n a trav\u00e9s de pr\u00e1cticas composteras domiciliarias.<\/p>\n","protected":false},"author":1,"featured_media":1411,"comment_status":"closed","ping_status":"open","sticky":false,"template":"","format":"standard","meta":{"iawp_total_views":6,"footnotes":""},"categories":[4],"tags":[],"class_list":["post-1410","post","type-post","status-publish","format-standard","has-post-thumbnail","hentry","category-entrevistas"],"_links":{"self":[{"href":"https:\/\/economiayviveros.com.ar\/portada\/wp-json\/wp\/v2\/posts\/1410","targetHints":{"allow":["GET"]}}],"collection":[{"href":"https:\/\/economiayviveros.com.ar\/portada\/wp-json\/wp\/v2\/posts"}],"about":[{"href":"https:\/\/economiayviveros.com.ar\/portada\/wp-json\/wp\/v2\/types\/post"}],"author":[{"embeddable":true,"href":"https:\/\/economiayviveros.com.ar\/portada\/wp-json\/wp\/v2\/users\/1"}],"replies":[{"embeddable":true,"href":"https:\/\/economiayviveros.com.ar\/portada\/wp-json\/wp\/v2\/comments?post=1410"}],"version-history":[{"count":4,"href":"https:\/\/economiayviveros.com.ar\/portada\/wp-json\/wp\/v2\/posts\/1410\/revisions"}],"predecessor-version":[{"id":1436,"href":"https:\/\/economiayviveros.com.ar\/portada\/wp-json\/wp\/v2\/posts\/1410\/revisions\/1436"}],"wp:featuredmedia":[{"embeddable":true,"href":"https:\/\/economiayviveros.com.ar\/portada\/wp-json\/wp\/v2\/media\/1411"}],"wp:attachment":[{"href":"https:\/\/economiayviveros.com.ar\/portada\/wp-json\/wp\/v2\/media?parent=1410"}],"wp:term":[{"taxonomy":"category","embeddable":true,"href":"https:\/\/economiayviveros.com.ar\/portada\/wp-json\/wp\/v2\/categories?post=1410"},{"taxonomy":"post_tag","embeddable":true,"href":"https:\/\/economiayviveros.com.ar\/portada\/wp-json\/wp\/v2\/tags?post=1410"}],"curies":[{"name":"wp","href":"https:\/\/api.w.org\/{rel}","templated":true}]}}