{"id":1266,"date":"2025-02-01T15:07:42","date_gmt":"2025-02-01T18:07:42","guid":{"rendered":"https:\/\/economiayviveros.com.ar\/portada\/?p=1266"},"modified":"2025-03-01T18:55:18","modified_gmt":"2025-03-01T21:55:18","slug":"congreso-y-exposicion-nacional-de-viveristas","status":"publish","type":"post","link":"https:\/\/economiayviveros.com.ar\/portada\/congreso-y-exposicion-nacional-de-viveristas\/","title":{"rendered":"Congreso y Exposici\u00f3n Nacional de Viveristas"},"content":{"rendered":"\t\t<div data-elementor-type=\"wp-post\" data-elementor-id=\"1266\" class=\"elementor elementor-1266\" data-elementor-post-type=\"post\">\n\t\t\t\t<div class=\"elementor-element elementor-element-389dbafa e-flex e-con-boxed e-con e-parent\" data-id=\"389dbafa\" data-element_type=\"container\">\n\t\t\t\t\t<div class=\"e-con-inner\">\n\t\t\t\t<div class=\"elementor-element elementor-element-5d03c0 elementor-widget elementor-widget-text-editor\" data-id=\"5d03c0\" data-element_type=\"widget\" data-widget_type=\"text-editor.default\">\n\t\t\t\t<div class=\"elementor-widget-container\">\n\t\t\t\t\t\t\t\t\t\n<figure class=\"wp-block-image size-large\"><img fetchpriority=\"high\" decoding=\"async\" width=\"1024\" height=\"682\" class=\"wp-image-1267\" src=\"https:\/\/economiayviveros.com.ar\/portada\/wp-content\/uploads\/2025\/02\/Act.-1-AAFV-0225-G-1024x682.jpg\" alt=\"\" srcset=\"https:\/\/economiayviveros.com.ar\/portada\/wp-content\/uploads\/2025\/02\/Act.-1-AAFV-0225-G-1024x682.jpg 1024w, https:\/\/economiayviveros.com.ar\/portada\/wp-content\/uploads\/2025\/02\/Act.-1-AAFV-0225-G-300x200.jpg 300w, https:\/\/economiayviveros.com.ar\/portada\/wp-content\/uploads\/2025\/02\/Act.-1-AAFV-0225-G-768x512.jpg 768w, https:\/\/economiayviveros.com.ar\/portada\/wp-content\/uploads\/2025\/02\/Act.-1-AAFV-0225-G.jpg 1201w\" sizes=\"(max-width: 1024px) 100vw, 1024px\" \/>\n<figcaption class=\"wp-element-caption\">Mar\u00eda Murakoshi. Foto: <em>Econom\u00eda &amp; Viveros<\/em><\/figcaption>\n<\/figure>\n\n<p>Los pr\u00f3ximos d\u00edas de abril (24, 25 y 26) se llevar\u00e1 a cabo el 40 Congreso Nacional de Viveristas y la 19 Exposici\u00f3n Profesional, organizados por la Asociaci\u00f3n Argentina de Floricultores y Viveristas (AAFV).<\/p>\n\n<p><em>Es un motivo de gran orgullo y emoci\u00f3n. Como bien dice nuestro eslogan, 40 encuentros, 40 motivos para festejar. En nuestro pa\u00eds, en el cual los vaivenes econ\u00f3micos son una constante, lograr la continuidad de un congreso y llegar a la cuadrag\u00e9sima edici\u00f3n es un gran logro, que refleja el esfuerzo, la pasi\u00f3n y la uni\u00f3n del sector flor\u00edcola. Este a\u00f1o, m\u00e1s que nunca, queremos celebrarlo como se merece,<\/em> nos dice la presidenta del comit\u00e9 organizador Mar\u00eda Murakoshi.<\/p>\n\n<p><strong>El evento tendr\u00e1 lugar nuevamente en el Espacio Mendoza, en Ingeniero Maschwitz (Buenos Aires). \u00bfQu\u00e9 los llev\u00f3 a volver a elegir esta locaci\u00f3n?<\/strong><\/p>\n\n<p><em>En la edici\u00f3n anterior, tuvimos una excelente aceptaci\u00f3n de todos los asistentes, expositores y conferencistas. Asimismo, Espacio Mendoza ofrece un predio parquizado, arbolado y con instalaciones de primer nivel, ideales para este tipo de celebraciones.<\/em><\/p>\n\n<p><em>Por nuestra parte, deseamos garantizar la comodidad y la calidad de todos quienes participan activamente en el encuentro; es decir, visitantes e integrantes del Congreso.<\/em><\/p>\n\n<p><strong>\u00bfCu\u00e1les ser\u00e1n las principales actividades y conferencias que podremos disfrutar este a\u00f1o?<\/strong><\/p>\n\n<p><em>Tendremos conferencias plenarias a cargo de expertos de primer nivel, que abordar\u00e1n temas actuales: el impacto de la inteligencia artificial en los procesos productivos y comerciales, tendencias en paisajismo y econom\u00eda para pymes.<\/em><\/p>\n\n<p><em>Tambi\u00e9n, organizaremos talleres pr\u00e1cticos enfocados en la mejora de la eficiencia productiva, el manejo de sustratos, agua, plantas nativas, y t\u00e9cnicas espec\u00edficas como poda y dise\u00f1o paisaj\u00edstico.<\/em><\/p>\n\n<p><em>Adem\u00e1s, contaremos con un sal\u00f3n exclusivo para el arte floral, en el cual se realizar\u00e1n talleres y demostraciones. Estos tendr\u00e1n la participaci\u00f3n de docentes de distintas escuelas y el apoyo de la C\u00e1mara Argentina de Florer\u00edas.<\/em><\/p>\n\n<p><strong>\u00bfHabr\u00e1 alguna novedad en cuanto a la participaci\u00f3n de los expositores?<\/strong><\/p>\n\n<p><em>S\u00ed, los expositores tendr\u00e1n un espacio dedicado a presentar sus nuevos productos a los visitantes, lo que les permitir\u00e1 interactuar directamente con los interesados. Ser\u00e1 una gran oportunidad de mostrar las innovaciones del sector.<\/em><\/p>\n\n<p><strong>\u00bfC\u00f3mo ser\u00e1 la modalidad de inscripci\u00f3n y el acceso al evento?<\/strong><\/p>\n\n<p><em>La inscripci\u00f3n comenzar\u00e1 a fines de febrero, y recomendamos la acreditaci\u00f3n<\/em> online <em>a fin de agilizar el ingreso. Habr\u00e1 una entrada general que incluir\u00e1 algunas conferencias, talleres y el acceso a la Exposici\u00f3n Profesional. Determinadas disertaciones, espec\u00edficas, tendr\u00e1n un costo adicional. No obstante, estamos trabajando para que los valores de estas sean accesibles.<\/em><\/p>\n\n<p><strong>La cena de camarader\u00eda ser\u00e1 uno de los puntos destacados del evento. \u00bfAlg\u00fan adelanto sobre este momento tan especial?<\/strong><\/p>\n\n<p><em>En esta ocasi\u00f3n, la velada se realizar\u00e1 el viernes 25 de abril y constituir\u00e1 una gran oportunidad para festejar las 40 ediciones del congreso. Esperamos que todos los expositores, conferencistas y asistentes logren reunirse. Queremos que sea un momento de uni\u00f3n y celebraci\u00f3n por todo lo que hemos logrado juntos como sector.<\/em><\/p>\n\n<p><strong>\u00bfQu\u00e9 mensaje te gustar\u00eda transmitir a quienes est\u00e1n considerando asistir al evento?<\/strong><\/p>\n\n<p><em>Los invito a ser parte de este encuentro \u00fanico, que no solo celebra nuestros logros, sino tambi\u00e9n, abre la puerta a nuevas oportunidades de aprendizaje, innovaci\u00f3n y<\/em> networking (posibilidad de hacer contactos).<\/p>\n\n<p><em>Estamos preparando cada detalle para que esta edici\u00f3n sea una verdadera fiesta y una experiencia inolvidable para el sector flor\u00edcola en general.<\/em><\/p>\n\n<p><strong>Finalmente, \u00bfqu\u00e9 significa liderar el Comit\u00e9 Organizador de un acontecimiento tan importante?<\/strong><\/p>\n\n<p><em>Es una responsabilidad enorme, pero, al mismo tiempo, un honor. Contamos con un equipo comprometido, formado por personas apasionadas por este sector, como Pablo Irie<\/em> (presidente de la AAFV)<em>, Carlos Ianni <\/em>(tesorero de la AAFV)<em>, Jorge Valls, Carlos Gasperi, Agust\u00edn Marani, Germ\u00e1n Cuiti\u00f1o <\/em>(todos, vocales de la AAFV) <em>y Mart\u00edn Aizaga<\/em> (prosecretario de la AAFV)<em>. Adem\u00e1s, la coordinaci\u00f3n de Ana Giovanettone y la asistencia de Melania Cervi\u00f1o, para que todo salga perfecto.<\/em><\/p>\n\n<p><em>Estamos trabajando con mucho esfuerzo y en una direcci\u00f3n: hacer que este aniversario sea inolvidable.<\/em><\/p>\n\t\t\t\t\t\t\t\t<\/div>\n\t\t\t\t<\/div>\n\t\t\t\t\t<\/div>\n\t\t\t\t<\/div>\n\t\t<div class=\"elementor-element elementor-element-59d475a e-flex e-con-boxed e-con e-parent\" data-id=\"59d475a\" data-element_type=\"container\">\n\t\t\t\t\t<div class=\"e-con-inner\">\n\t\t\t\t<div class=\"elementor-element elementor-element-7873560 elementor-widget elementor-widget-text-editor\" data-id=\"7873560\" data-element_type=\"widget\" data-widget_type=\"text-editor.default\">\n\t\t\t\t<div class=\"elementor-widget-container\">\n\t\t\t\t\t\t\t\t\t<h1><span style=\"color: #333333;\">Sobre el autor<\/span><\/h1>\t\t\t\t\t\t\t\t<\/div>\n\t\t\t\t<\/div>\n\t\t\t\t\t<\/div>\n\t\t\t\t<\/div>\n\t\t<div class=\"elementor-element elementor-element-25408af e-flex e-con-boxed e-con e-parent\" data-id=\"25408af\" data-element_type=\"container\">\n\t\t\t\t\t<div class=\"e-con-inner\">\n\t\t\t\t<div class=\"elementor-element elementor-element-2d80a26 elementor-author-box--link-yes elementor-author-box--avatar-yes elementor-author-box--name-yes elementor-author-box--biography-yes elementor-widget elementor-widget-author-box\" data-id=\"2d80a26\" data-element_type=\"widget\" data-widget_type=\"author-box.default\">\n\t\t\t\t<div class=\"elementor-widget-container\">\n\t\t\t\t\t\t\t<div class=\"elementor-author-box\">\n\t\t\t\t\t\t\t<a href=\"https:\/\/economiayviveros.com.ar\/portada\/author\/helena\/\" class=\"elementor-author-box__avatar\">\n\t\t\t\t\t<img decoding=\"async\" src=\"https:\/\/economiayviveros.com.ar\/portada\/wp-content\/uploads\/2024\/12\/Logo-5-hojas-300x300.png\" alt=\"Picture of Econom\u00eda &amp; Viveros\" loading=\"lazy\">\n\t\t\t\t<\/a>\n\t\t\t\n\t\t\t<div class=\"elementor-author-box__text\">\n\t\t\t\t\t\t\t\t\t<a href=\"https:\/\/economiayviveros.com.ar\/portada\/author\/helena\/\">\n\t\t\t\t\t\t<h4 class=\"elementor-author-box__name\">\n\t\t\t\t\t\t\tEconom\u00eda &amp; Viveros\t\t\t\t\t\t<\/h4>\n\t\t\t\t\t<\/a>\n\t\t\t\t\n\t\t\t\t\t\t\t\t\t<div class=\"elementor-author-box__bio\">\n\t\t\t\t\t\tDesde el 2009 brinda toda la informaci\u00f3n sobre la floricultura argentina.\r\n\r\nEdiciones mensuales.\t\t\t\t\t<\/div>\n\t\t\t\t\n\t\t\t\t\t\t\t\t\t<a class=\"elementor-author-box__button elementor-button elementor-size-xs\" href=\"https:\/\/economiayviveros.com.ar\/portada\/author\/helena\/\">\n\t\t\t\t\t\tM\u00e1s notas\t\t\t\t\t<\/a>\n\t\t\t\t\t\t\t<\/div>\n\t\t<\/div>\n\t\t\t\t\t\t<\/div>\n\t\t\t\t<\/div>\n\t\t\t\t\t<\/div>\n\t\t\t\t<\/div>\n\t\t<div class=\"elementor-element elementor-element-c0e299a e-flex e-con-boxed e-con e-parent\" data-id=\"c0e299a\" data-element_type=\"container\">\n\t\t\t\t\t<div class=\"e-con-inner\">\n\t\t\t\t<div class=\"elementor-element elementor-element-58dce33 elementor-widget elementor-widget-text-editor\" data-id=\"58dce33\" data-element_type=\"widget\" data-widget_type=\"text-editor.default\">\n\t\t\t\t<div class=\"elementor-widget-container\">\n\t\t\t\t\t\t\t\t\t<p><strong>Anuncios<\/strong><\/p>\n<p><strong><span style=\"color: #ff6600;\">Glacoxan<\/span> <\/strong>Conoce su l\u00ednea org\u00e1nica: Bio neem (insecticida y acaricida), Jab\u00f3n pot\u00e1sico (insecticida y acaricida), Savia (antiestr\u00e9s). <a href=\"https:\/\/www.glacoxan.com\/\" target=\"_blank\" rel=\"noopener\">www.glacoxan.com<\/a><\/p>\n<p><strong><span style=\"color: #ff6600;\">Cubresuelo<\/span><\/strong> F\u00e1brica de hilados y tejidos realizados en monofilamento de polietileno de alta densidad. <a href=\"https:\/\/textilkopruch.com\/\" target=\"_blank\" rel=\"noopener\">www.textilkopruch.com<\/a><\/p>\n<p><strong><span style=\"color: #ff6600;\">Importaci\u00f3n de semillas y bulbos<\/span><\/strong> Flores para maceta y de corte, arom\u00e1ticas, hortalizas. Alm\u00e1cigos, semillas, plugs y bulbos. <a href=\"https:\/\/economiayviveros.com.ar\/publicidad\/as\/index.html\" target=\"_blank\" rel=\"noopener\">Arie Sonneveldt<\/a><\/p>\n<p style=\"text-align: right;\">Anuncia aqu\u00ed<br \/><span style=\"color: #008000;\"><a style=\"color: #008000;\" href=\"mailto:revista@economiayviveros.com.ar\" target=\"_blank\" rel=\"noopener\">revista@economiayviveros.com.ar<\/a><\/span><\/p>\t\t\t\t\t\t\t\t<\/div>\n\t\t\t\t<\/div>\n\t\t\t\t\t<\/div>\n\t\t\t\t<\/div>\n\t\t\t\t<\/div>\n\t\t","protected":false},"excerpt":{"rendered":"<p>D\u00f3nde y cu\u00e1ndo se realizar\u00e1 el 40 Congreso Nacional de Viveristas y la 19 Exposici\u00f3n Profesional. Todo lo que se sabe hasta el momento. Habla Mar\u00eda Murakoshi, presidenta del Comit\u00e9 Organizador.<\/p>\n","protected":false},"author":1,"featured_media":1267,"comment_status":"closed","ping_status":"open","sticky":false,"template":"","format":"standard","meta":{"iawp_total_views":3,"footnotes":""},"categories":[3,4],"tags":[],"class_list":["post-1266","post","type-post","status-publish","format-standard","has-post-thumbnail","hentry","category-actualidad","category-entrevistas"],"_links":{"self":[{"href":"https:\/\/economiayviveros.com.ar\/portada\/wp-json\/wp\/v2\/posts\/1266","targetHints":{"allow":["GET"]}}],"collection":[{"href":"https:\/\/economiayviveros.com.ar\/portada\/wp-json\/wp\/v2\/posts"}],"about":[{"href":"https:\/\/economiayviveros.com.ar\/portada\/wp-json\/wp\/v2\/types\/post"}],"author":[{"embeddable":true,"href":"https:\/\/economiayviveros.com.ar\/portada\/wp-json\/wp\/v2\/users\/1"}],"replies":[{"embeddable":true,"href":"https:\/\/economiayviveros.com.ar\/portada\/wp-json\/wp\/v2\/comments?post=1266"}],"version-history":[{"count":8,"href":"https:\/\/economiayviveros.com.ar\/portada\/wp-json\/wp\/v2\/posts\/1266\/revisions"}],"predecessor-version":[{"id":1362,"href":"https:\/\/economiayviveros.com.ar\/portada\/wp-json\/wp\/v2\/posts\/1266\/revisions\/1362"}],"wp:featuredmedia":[{"embeddable":true,"href":"https:\/\/economiayviveros.com.ar\/portada\/wp-json\/wp\/v2\/media\/1267"}],"wp:attachment":[{"href":"https:\/\/economiayviveros.com.ar\/portada\/wp-json\/wp\/v2\/media?parent=1266"}],"wp:term":[{"taxonomy":"category","embeddable":true,"href":"https:\/\/economiayviveros.com.ar\/portada\/wp-json\/wp\/v2\/categories?post=1266"},{"taxonomy":"post_tag","embeddable":true,"href":"https:\/\/economiayviveros.com.ar\/portada\/wp-json\/wp\/v2\/tags?post=1266"}],"curies":[{"name":"wp","href":"https:\/\/api.w.org\/{rel}","templated":true}]}}