{"id":1241,"date":"2025-02-01T14:58:35","date_gmt":"2025-02-01T17:58:35","guid":{"rendered":"https:\/\/economiayviveros.com.ar\/portada\/?p=1241"},"modified":"2025-03-01T18:55:19","modified_gmt":"2025-03-01T21:55:19","slug":"espana-las-consecuencias-de-la-dana","status":"publish","type":"post","link":"https:\/\/economiayviveros.com.ar\/portada\/espana-las-consecuencias-de-la-dana\/","title":{"rendered":"Espa\u00f1a: las consecuencias de la DANA"},"content":{"rendered":"\t\t<div data-elementor-type=\"wp-post\" data-elementor-id=\"1241\" class=\"elementor elementor-1241\" data-elementor-post-type=\"post\">\n\t\t\t\t<div class=\"elementor-element elementor-element-5b808bab e-flex e-con-boxed e-con e-parent\" data-id=\"5b808bab\" data-element_type=\"container\">\n\t\t\t\t\t<div class=\"e-con-inner\">\n\t\t\t\t<div class=\"elementor-element elementor-element-45af6384 elementor-widget elementor-widget-text-editor\" data-id=\"45af6384\" data-element_type=\"widget\" data-widget_type=\"text-editor.default\">\n\t\t\t\t<div class=\"elementor-widget-container\">\n\t\t\t\t\t\t\t\t\t\n<figure class=\"wp-block-image size-large\"><img fetchpriority=\"high\" decoding=\"async\" width=\"1024\" height=\"683\" src=\"https:\/\/economiayviveros.com.ar\/portada\/wp-content\/uploads\/2025\/02\/Act.-5-DANA-0225-G-1024x683.jpg\" alt=\"\" class=\"wp-image-1242\" srcset=\"https:\/\/economiayviveros.com.ar\/portada\/wp-content\/uploads\/2025\/02\/Act.-5-DANA-0225-G-1024x683.jpg 1024w, https:\/\/economiayviveros.com.ar\/portada\/wp-content\/uploads\/2025\/02\/Act.-5-DANA-0225-G-300x200.jpg 300w, https:\/\/economiayviveros.com.ar\/portada\/wp-content\/uploads\/2025\/02\/Act.-5-DANA-0225-G-768x512.jpg 768w, https:\/\/economiayviveros.com.ar\/portada\/wp-content\/uploads\/2025\/02\/Act.-5-DANA-0225-G.jpg 1200w\" sizes=\"(max-width: 1024px) 100vw, 1024px\" \/><figcaption class=\"wp-element-caption\">Consecuencias de la DANA. Foto: gentileza de <em>FloraCulture International<\/em><\/figcaption><\/figure>\n\n\n\n<p>El 29 de octubre de 2024, Espa\u00f1a fue azotada por una de las peores inundaciones de su historia debido a un fen\u00f3meno meteorol\u00f3gico conocido como DANA (Depresi\u00f3n Aislada en Niveles Altos), que se produce cuando el aire fr\u00edo del norte se encuentra con las aguas c\u00e1lidas del Mediterr\u00e1neo.<\/p>\n\n\n\n<p>Las lluvias fueron tan intensas que en algunas zonas se acumul\u00f3, en tan solo unas horas, el equivalente a m\u00e1s de un a\u00f1o de precipitaciones. Este fen\u00f3meno provoc\u00f3 inundaciones repentinas, granizadas y tornados, y afect\u00f3 gravemente el este y el sur de Espa\u00f1a: las lluvias superaron los 300 mm en un breve tiempo.<\/p>\n\n\n\n<p><strong>Floricultura<\/strong><\/p>\n\n\n\n<p>Una de las \u00e1reas m\u00e1s afectadas fue el sector flor\u00edcola, esencial para las econom\u00edas rurales y la creaci\u00f3n de empleo. Varios viveros que forman parte de la Asociaci\u00f3n de Cultivadores de Plantas Ornamentales (ACPO) fueron duramente golpeados.<\/p>\n\n\n\n<p>Un ejemplo significativo fue el caso de Vivercid, un establecimiento ubicado en Valencia, cuya propietaria, Lara Magraner, tambi\u00e9n es vicepresidenta de la ACPO. Magraner relat\u00f3 que la situaci\u00f3n era ca\u00f3tica al principio, ya que las comunicaciones colapsaron, las carreteras quedaron bloqueadas y los viveros quedaron inaccesibles.<\/p>\n\n\n\n<p>Las oficinas del negocio resultaron inundadas, y se perdieron equipos inform\u00e1ticos, documentos y herramientas vitales para el funcionamiento. Cuatro de los viveros de Vivercid sufrieron diferentes grados de da\u00f1o, desde una p\u00e9rdida total de producci\u00f3n hasta la destrucci\u00f3n casi total de las instalaciones, incluidos invernaderos y sistemas de riego.<\/p>\n\n\n\n<p><strong>Asociaci\u00f3n de Cultivadores de Plantas Ornamentales<\/strong><\/p>\n\n\n\n<p>A pesar de la magnitud de la destrucci\u00f3n, Magraner destac\u00f3 la solidaridad de los miembros de la ACPO, quienes se unieron para ofrecer apoyo mutuo durante la crisis.<\/p>\n\n\n\n<p>La ACPO, que desde 2023 es miembro de la Asociaci\u00f3n Internacional de Productores Hort\u00edcolas (AIPH), representa a veinte empresas productoras de m\u00e1s de 40 millones de plantas al a\u00f1o y emplea a m\u00e1s de dos mil personas.<\/p>\n\n\n\n<p>Fundada en 2020, durante la pandemia de COVID-19, la ACPO surgi\u00f3 como un sistema de apoyo para el sector ante dificultades graves, y la crisis de las inundaciones no fue la excepci\u00f3n.<\/p>\n\n\n\n<p>Los miembros de la ACPO reaccionaron r\u00e1pidamente, organizando reuniones de emergencia y creando un grupo de trabajo para coordinar la ayuda. A trav\u00e9s de estos esfuerzos, la asociaci\u00f3n facilit\u00f3 la distribuci\u00f3n de recursos y gu\u00edas de asistencia del Gobierno, adem\u00e1s de promover el intercambio de recursos entre los miembros para acelerar la recuperaci\u00f3n de los viveros afectados.<\/p>\n\n\n\n<ul class=\"wp-block-list\">\n<li><strong>Reacci\u00f3n del Estado<\/strong><\/li>\n<\/ul>\n\n\n\n<p>En t\u00e9rminos de respuesta institucional, la ACPO subray\u00f3 la falta de una reacci\u00f3n gubernamental oportuna y trabaj\u00f3 de manera proactiva con el Ministerio de Agricultura de Espa\u00f1a para resaltar la urgencia de la situaci\u00f3n y obtener el apoyo necesario para los viveros.<\/p>\n\n\n\n<ul class=\"wp-block-list\">\n<li><strong>Reacci\u00f3n de la ACPO<\/strong><\/li>\n<\/ul>\n\n\n\n<p>En l\u00ednea con sus principios de cooperaci\u00f3n y sostenibilidad, la ACPO tom\u00f3 medidas para reforzar su red de apoyo, garantizar que sus miembros puedan superar las dificultades inmediatas y fomentar la resiliencia en el largo plazo.<\/p>\n\n\n\n<p>Mirando hacia el futuro, la ACPO est\u00e1 trabajando en un plan de respuesta integral ante desastres, que incluye un manual de mejores pr\u00e1cticas con protocolos de prevenci\u00f3n, gesti\u00f3n de crisis y recuperaci\u00f3n.<\/p>\n\n\n\n<p>La idea es que sus miembros est\u00e9n mejor preparados para enfrentar eventos similares en el futuro. Adem\u00e1s, se est\u00e1n organizando talleres y sesiones de formaci\u00f3n para garantizar que todos los actores del sector flor\u00edcola tengan las herramientas necesarias para gestionar situaciones de crisis.<\/p>\n\n\n\n<p>La defensa de los derechos de los productores sigue siendo una prioridad para la ACPO, que contin\u00faa luchando por asegurar que las pol\u00edticas p\u00fablicas apoyen a las empresas y que los esfuerzos de recuperaci\u00f3n sean sostenibles a largo plazo.<\/p>\n\n\n\n<p>Con este enfoque, la ACPO no solo busca fortalecer la infraestructura de los viveros, sino tambi\u00e9n, abordar las deficiencias en el sistema de respuesta a desastres en Espa\u00f1a, asegurando un futuro m\u00e1s seguro y resiliente para el sector.<\/p>\n\n\n\n<p>Fuente: Raquel Wakefield<\/p>\n\t\t\t\t\t\t\t\t<\/div>\n\t\t\t\t<\/div>\n\t\t\t\t\t<\/div>\n\t\t\t\t<\/div>\n\t\t<div class=\"elementor-element elementor-element-6b968fe e-flex e-con-boxed e-con e-parent\" data-id=\"6b968fe\" data-element_type=\"container\">\n\t\t\t\t\t<div class=\"e-con-inner\">\n\t\t\t\t<div class=\"elementor-element elementor-element-6579ac8 elementor-widget elementor-widget-text-editor\" data-id=\"6579ac8\" data-element_type=\"widget\" data-widget_type=\"text-editor.default\">\n\t\t\t\t<div class=\"elementor-widget-container\">\n\t\t\t\t\t\t\t\t\t<h1><span style=\"color: #333333;\">Sobre el autor<\/span><\/h1>\t\t\t\t\t\t\t\t<\/div>\n\t\t\t\t<\/div>\n\t\t\t\t\t<\/div>\n\t\t\t\t<\/div>\n\t\t<div class=\"elementor-element elementor-element-3dee202 e-flex e-con-boxed e-con e-parent\" data-id=\"3dee202\" data-element_type=\"container\">\n\t\t\t\t\t<div class=\"e-con-inner\">\n\t\t\t\t<div class=\"elementor-element elementor-element-5657ba2 elementor-author-box--link-yes elementor-author-box--avatar-yes elementor-author-box--name-yes elementor-author-box--biography-yes elementor-widget elementor-widget-author-box\" data-id=\"5657ba2\" data-element_type=\"widget\" data-widget_type=\"author-box.default\">\n\t\t\t\t<div class=\"elementor-widget-container\">\n\t\t\t\t\t\t\t<div class=\"elementor-author-box\">\n\t\t\t\t\t\t\t<a href=\"https:\/\/economiayviveros.com.ar\/portada\/author\/ron-van-der-ploeg\/\" class=\"elementor-author-box__avatar\">\n\t\t\t\t\t<img decoding=\"async\" src=\"https:\/\/economiayviveros.com.ar\/portada\/wp-content\/uploads\/2024\/12\/Ron-van-der-Ploeg-300x300.jpg\" alt=\"Picture of Ron van der Ploeg\" loading=\"lazy\">\n\t\t\t\t<\/a>\n\t\t\t\n\t\t\t<div class=\"elementor-author-box__text\">\n\t\t\t\t\t\t\t\t\t<a href=\"https:\/\/economiayviveros.com.ar\/portada\/author\/ron-van-der-ploeg\/\">\n\t\t\t\t\t\t<h4 class=\"elementor-author-box__name\">\n\t\t\t\t\t\t\tRon van der Ploeg\t\t\t\t\t\t<\/h4>\n\t\t\t\t\t<\/a>\n\t\t\t\t\n\t\t\t\t\t\t\t\t\t<div class=\"elementor-author-box__bio\">\n\t\t\t\t\t\tEditor de la revista FloraCulture Internacional (propiedad de la International Association of Horticultural Producers).\r\nColaborador de Econom\u00eda &amp; Viveros desde 2009.\t\t\t\t\t<\/div>\n\t\t\t\t\n\t\t\t\t\t\t\t\t\t<a class=\"elementor-author-box__button elementor-button elementor-size-xs\" href=\"https:\/\/economiayviveros.com.ar\/portada\/author\/ron-van-der-ploeg\/\">\n\t\t\t\t\t\tM\u00e1s notas\t\t\t\t\t<\/a>\n\t\t\t\t\t\t\t<\/div>\n\t\t<\/div>\n\t\t\t\t\t\t<\/div>\n\t\t\t\t<\/div>\n\t\t\t\t\t<\/div>\n\t\t\t\t<\/div>\n\t\t<div class=\"elementor-element elementor-element-f5acffb e-flex e-con-boxed e-con e-parent\" data-id=\"f5acffb\" data-element_type=\"container\">\n\t\t\t\t\t<div class=\"e-con-inner\">\n\t\t\t\t<div class=\"elementor-element elementor-element-5cb6cbe elementor-widget elementor-widget-text-editor\" data-id=\"5cb6cbe\" data-element_type=\"widget\" data-widget_type=\"text-editor.default\">\n\t\t\t\t<div class=\"elementor-widget-container\">\n\t\t\t\t\t\t\t\t\t<p><strong>Anuncios<\/strong><\/p>\n<p><strong><span style=\"color: #ff6600;\">Glacoxan<\/span> <\/strong>Conoce su l\u00ednea org\u00e1nica: Bio neem (insecticida y acaricida), Jab\u00f3n pot\u00e1sico (insecticida y acaricida), Savia (antiestr\u00e9s). <a href=\"https:\/\/www.glacoxan.com\/\" target=\"_blank\" rel=\"noopener\">www.glacoxan.com<\/a><\/p>\n<p><strong><span style=\"color: #ff6600;\">Cubresuelo<\/span><\/strong> F\u00e1brica de hilados y tejidos realizados en monofilamento de polietileno de alta densidad. <a href=\"https:\/\/textilkopruch.com\/\" target=\"_blank\" rel=\"noopener\">www.textilkopruch.com<\/a><\/p>\n<p><strong><span style=\"color: #ff6600;\">Importaci\u00f3n de semillas y bulbos<\/span><\/strong> Flores para maceta y de corte, arom\u00e1ticas, hortalizas. Alm\u00e1cigos, semillas, plugs y bulbos. <a href=\"https:\/\/economiayviveros.com.ar\/publicidad\/as\/index.html\" target=\"_blank\" rel=\"noopener\">Arie Sonneveldt<\/a><\/p>\n<p style=\"text-align: right;\">Anuncia aqu\u00ed<br \/><span style=\"color: #008000;\"><a style=\"color: #008000;\" href=\"mailto:revista@economiayviveros.com.ar\" target=\"_blank\" rel=\"noopener\">revista@economiayviveros.com.ar<\/a><\/span><\/p>\t\t\t\t\t\t\t\t<\/div>\n\t\t\t\t<\/div>\n\t\t\t\t\t<\/div>\n\t\t\t\t<\/div>\n\t\t\t\t<\/div>\n\t\t","protected":false},"excerpt":{"rendered":"<p>INTERNACIONALES Luego de la devastadora DANA, que dej\u00f3 graves inundaciones y afect\u00f3 al sector flor\u00edcola, c\u00f3mo trabajan en planes de resiliencia y respuesta ante desastres futuros. Por Ron van der Ploeg <\/p>\n","protected":false},"author":4,"featured_media":1242,"comment_status":"closed","ping_status":"open","sticky":false,"template":"","format":"standard","meta":{"iawp_total_views":0,"footnotes":""},"categories":[3],"tags":[],"class_list":["post-1241","post","type-post","status-publish","format-standard","has-post-thumbnail","hentry","category-actualidad"],"_links":{"self":[{"href":"https:\/\/economiayviveros.com.ar\/portada\/wp-json\/wp\/v2\/posts\/1241","targetHints":{"allow":["GET"]}}],"collection":[{"href":"https:\/\/economiayviveros.com.ar\/portada\/wp-json\/wp\/v2\/posts"}],"about":[{"href":"https:\/\/economiayviveros.com.ar\/portada\/wp-json\/wp\/v2\/types\/post"}],"author":[{"embeddable":true,"href":"https:\/\/economiayviveros.com.ar\/portada\/wp-json\/wp\/v2\/users\/4"}],"replies":[{"embeddable":true,"href":"https:\/\/economiayviveros.com.ar\/portada\/wp-json\/wp\/v2\/comments?post=1241"}],"version-history":[{"count":5,"href":"https:\/\/economiayviveros.com.ar\/portada\/wp-json\/wp\/v2\/posts\/1241\/revisions"}],"predecessor-version":[{"id":1322,"href":"https:\/\/economiayviveros.com.ar\/portada\/wp-json\/wp\/v2\/posts\/1241\/revisions\/1322"}],"wp:featuredmedia":[{"embeddable":true,"href":"https:\/\/economiayviveros.com.ar\/portada\/wp-json\/wp\/v2\/media\/1242"}],"wp:attachment":[{"href":"https:\/\/economiayviveros.com.ar\/portada\/wp-json\/wp\/v2\/media?parent=1241"}],"wp:term":[{"taxonomy":"category","embeddable":true,"href":"https:\/\/economiayviveros.com.ar\/portada\/wp-json\/wp\/v2\/categories?post=1241"},{"taxonomy":"post_tag","embeddable":true,"href":"https:\/\/economiayviveros.com.ar\/portada\/wp-json\/wp\/v2\/tags?post=1241"}],"curies":[{"name":"wp","href":"https:\/\/api.w.org\/{rel}","templated":true}]}}