{"id":1203,"date":"2025-02-01T14:40:33","date_gmt":"2025-02-01T17:40:33","guid":{"rendered":"https:\/\/economiayviveros.com.ar\/portada\/?p=1203"},"modified":"2025-03-01T18:55:42","modified_gmt":"2025-03-01T21:55:42","slug":"gabriela-creciente","status":"publish","type":"post","link":"https:\/\/economiayviveros.com.ar\/portada\/gabriela-creciente\/","title":{"rendered":"Gabriela Creciente"},"content":{"rendered":"\t\t<div data-elementor-type=\"wp-post\" data-elementor-id=\"1203\" class=\"elementor elementor-1203\" data-elementor-post-type=\"post\">\n\t\t\t\t<div class=\"elementor-element elementor-element-465f5263 e-flex e-con-boxed e-con e-parent\" data-id=\"465f5263\" data-element_type=\"container\">\n\t\t\t\t\t<div class=\"e-con-inner\">\n\t\t\t\t<div class=\"elementor-element elementor-element-7de91b2a elementor-widget elementor-widget-text-editor\" data-id=\"7de91b2a\" data-element_type=\"widget\" data-widget_type=\"text-editor.default\">\n\t\t\t\t<div class=\"elementor-widget-container\">\n\t\t\t\t\t\t\t\t\t\n<figure class=\"wp-block-image size-large\"><img fetchpriority=\"high\" decoding=\"async\" width=\"1024\" height=\"683\" class=\"wp-image-1204\" src=\"https:\/\/economiayviveros.com.ar\/portada\/wp-content\/uploads\/2025\/02\/Cuestionario-Creciente-0225-G-1024x683.jpg\" alt=\"\" srcset=\"https:\/\/economiayviveros.com.ar\/portada\/wp-content\/uploads\/2025\/02\/Cuestionario-Creciente-0225-G-1024x683.jpg 1024w, https:\/\/economiayviveros.com.ar\/portada\/wp-content\/uploads\/2025\/02\/Cuestionario-Creciente-0225-G-300x200.jpg 300w, https:\/\/economiayviveros.com.ar\/portada\/wp-content\/uploads\/2025\/02\/Cuestionario-Creciente-0225-G-768x512.jpg 768w, https:\/\/economiayviveros.com.ar\/portada\/wp-content\/uploads\/2025\/02\/Cuestionario-Creciente-0225-G.jpg 1200w\" sizes=\"(max-width: 1024px) 100vw, 1024px\" \/>\n<figcaption class=\"wp-element-caption\">Gabriela Creciente. Foto: gentileza de Gabriela Creciente<\/figcaption>\n<\/figure>\n\n<p><strong>Nombre: <\/strong>Gabriela Creciente<\/p>\n\n<p><strong>Edad: <\/strong>50 a\u00f1os<\/p>\n\n<p><strong>C.V.: <\/strong>Polit\u00f3loga. Paisajista, especialista en huerta org\u00e1nica.\u00a0<a href=\"mailto:eljardindegabic@gmail.com\">eljardindegabic@gmail.com<\/a><\/p>\n\n<p><strong>Un trabajo que me enorgullece: <\/strong>Mi huerta y mis frutales.\u00a0<\/p>\n\n<p><strong>Si fuera una planta o una flor, ser\u00eda\u2026: <\/strong>Un cosmos, porque le gusta el verano, est\u00e1 lleno de color y es una flor f\u00e1cil,\u00a0alegre y vistosa que ilumina el jard\u00edn.<\/p>\n\n<p><strong>Si pudiera elegir entre ser experto en alguna disciplina o ser entendido en varias actividades, optar\u00eda por\u2026:<\/strong> Me gusta saber un poco de todo, estar aprendiendo algo nuevo todo el tiempo. De hecho, este a\u00f1o comienzo una carrera nueva.\u00a0\u00a0<\/p>\n\n<p><strong>A mi yo de dieciocho a\u00f1os le aconsejar\u00eda que: <\/strong>Se relajara y disfrutara m\u00e1s la vida. \u00a1Demasiado centrada y responsable para tu edad, muchacha!\u00a0<\/p>\n\n<p><strong>Mis clientes\/empleadores siempre me dicen: <\/strong>Que soy muy buena explicando. Algo que me encanta porque siempre me cost\u00f3 estar del lado del alumno. Valor\u00e9 mucho a los buenos profesores.<\/p>\n\n<p><strong>Si pudiera sumar otra profesi\u00f3n, ser\u00eda\u2026: <\/strong>Arquitecta del paisaje. La arquitectura del paisaje es una carrera que cuando egres\u00e9 del colegio no exist\u00eda.\u00a0\u00a0<\/p>\n\n<p><strong>Algo que me gustar\u00eda tener: <\/strong>M\u00e1s tiempo para viajar.<\/p>\n\n<p><strong>Una comida preferida: <\/strong>Canelones de verdura.\u00a0<\/p>\n\n<p><strong>Creo que el mayor reto de alguien que se inicia en un trabajo como el nuestro es\u2026:<\/strong> Decidir en qu\u00e9 parte del paisaje enfocarse: \u00e1rboles, herb\u00e1ceas, suculentas, huertas, orqu\u00eddeas, plantas de estanques, etc.\u00a0<\/p>\n\n<p><strong>Me mantengo actualizado\/a<\/strong>: Leo, aprendo; siempre estoy probando cosas nuevas.\u00a0<\/p>\n\n<p><strong>En relaci\u00f3n con mi sector laboral, me gustar\u00eda que el Estado tomara la siguiente medida: <\/strong>Que facilitara los cobros\/dep\u00f3sitos en d\u00f3lares del exterior directamente en la cuenta. Me gustar\u00eda tener la posibilidad de volver a trabajar para afuera y cobrar con facilidad.\u00a0<\/p>\n\n<p><br \/><strong>Una sugerencia:<\/strong> Cultivar alg\u00fan alimento en casa. Por m\u00e1s chico o poco que sea. Un camino de ida.<\/p>\n\t\t\t\t\t\t\t\t<\/div>\n\t\t\t\t<\/div>\n\t\t\t\t\t<\/div>\n\t\t\t\t<\/div>\n\t\t<div class=\"elementor-element elementor-element-17d86e6 e-flex e-con-boxed e-con e-parent\" data-id=\"17d86e6\" data-element_type=\"container\">\n\t\t\t\t\t<div class=\"e-con-inner\">\n\t\t\t\t<div class=\"elementor-element elementor-element-392f075 elementor-widget elementor-widget-text-editor\" data-id=\"392f075\" data-element_type=\"widget\" data-widget_type=\"text-editor.default\">\n\t\t\t\t<div class=\"elementor-widget-container\">\n\t\t\t\t\t\t\t\t\t<h1><span style=\"color: #333333;\">Sobre el autor<\/span><\/h1>\t\t\t\t\t\t\t\t<\/div>\n\t\t\t\t<\/div>\n\t\t\t\t\t<\/div>\n\t\t\t\t<\/div>\n\t\t<div class=\"elementor-element elementor-element-4574e7f e-flex e-con-boxed e-con e-parent\" data-id=\"4574e7f\" data-element_type=\"container\">\n\t\t\t\t\t<div class=\"e-con-inner\">\n\t\t\t\t<div class=\"elementor-element elementor-element-23992ae elementor-author-box--link-yes elementor-author-box--avatar-yes elementor-author-box--name-yes elementor-author-box--biography-yes elementor-widget elementor-widget-author-box\" data-id=\"23992ae\" data-element_type=\"widget\" data-widget_type=\"author-box.default\">\n\t\t\t\t<div class=\"elementor-widget-container\">\n\t\t\t\t\t\t\t<div class=\"elementor-author-box\">\n\t\t\t\t\t\t\t<a href=\"https:\/\/economiayviveros.com.ar\/portada\/author\/helena\/\" class=\"elementor-author-box__avatar\">\n\t\t\t\t\t<img decoding=\"async\" src=\"https:\/\/economiayviveros.com.ar\/portada\/wp-content\/uploads\/2024\/12\/Logo-5-hojas-300x300.png\" alt=\"Picture of Econom\u00eda &amp; Viveros\" loading=\"lazy\">\n\t\t\t\t<\/a>\n\t\t\t\n\t\t\t<div class=\"elementor-author-box__text\">\n\t\t\t\t\t\t\t\t\t<a href=\"https:\/\/economiayviveros.com.ar\/portada\/author\/helena\/\">\n\t\t\t\t\t\t<h4 class=\"elementor-author-box__name\">\n\t\t\t\t\t\t\tEconom\u00eda &amp; Viveros\t\t\t\t\t\t<\/h4>\n\t\t\t\t\t<\/a>\n\t\t\t\t\n\t\t\t\t\t\t\t\t\t<div class=\"elementor-author-box__bio\">\n\t\t\t\t\t\tDesde el 2009 brinda toda la informaci\u00f3n sobre la floricultura argentina.\r\n\r\nEdiciones mensuales.\t\t\t\t\t<\/div>\n\t\t\t\t\n\t\t\t\t\t\t\t\t\t<a class=\"elementor-author-box__button elementor-button elementor-size-xs\" href=\"https:\/\/economiayviveros.com.ar\/portada\/author\/helena\/\">\n\t\t\t\t\t\tM\u00e1s notas\t\t\t\t\t<\/a>\n\t\t\t\t\t\t\t<\/div>\n\t\t<\/div>\n\t\t\t\t\t\t<\/div>\n\t\t\t\t<\/div>\n\t\t\t\t\t<\/div>\n\t\t\t\t<\/div>\n\t\t<div class=\"elementor-element elementor-element-4940e4f e-flex e-con-boxed e-con e-parent\" data-id=\"4940e4f\" data-element_type=\"container\">\n\t\t\t\t\t<div class=\"e-con-inner\">\n\t\t\t\t<div class=\"elementor-element elementor-element-81d45b7 elementor-widget elementor-widget-text-editor\" data-id=\"81d45b7\" data-element_type=\"widget\" data-widget_type=\"text-editor.default\">\n\t\t\t\t<div class=\"elementor-widget-container\">\n\t\t\t\t\t\t\t\t\t<p><strong>Anuncios<\/strong><\/p>\n<p><strong><span style=\"color: #ff6600;\">Glacoxan<\/span> <\/strong>Conoce su l\u00ednea org\u00e1nica: Bio neem (insecticida y acaricida), Jab\u00f3n pot\u00e1sico (insecticida y acaricida), Savia (antiestr\u00e9s). <a href=\"https:\/\/www.glacoxan.com\/\" target=\"_blank\" rel=\"noopener\">www.glacoxan.com<\/a><\/p>\n<p><strong><span style=\"color: #ff6600;\">Cubresuelo<\/span><\/strong> F\u00e1brica de hilados y tejidos realizados en monofilamento de polietileno de alta densidad. <a href=\"https:\/\/textilkopruch.com\/\" target=\"_blank\" rel=\"noopener\">www.textilkopruch.com<\/a><\/p>\n<p><strong><span style=\"color: #ff6600;\">Importaci\u00f3n de semillas y bulbos<\/span><\/strong> Flores para maceta y de corte, arom\u00e1ticas, hortalizas. Alm\u00e1cigos, semillas, plugs y bulbos. <a href=\"https:\/\/economiayviveros.com.ar\/publicidad\/as\/index.html\" target=\"_blank\" rel=\"noopener\">Arie Sonneveldt<\/a><\/p>\n<p style=\"text-align: right;\">Anuncia aqu\u00ed<br \/><span style=\"color: #008000;\"><a style=\"color: #008000;\" href=\"mailto:revista@economiayviveros.com.ar\" target=\"_blank\" rel=\"noopener\">revista@economiayviveros.com.ar<\/a><\/span><\/p>\t\t\t\t\t\t\t\t<\/div>\n\t\t\t\t<\/div>\n\t\t\t\t\t<\/div>\n\t\t\t\t<\/div>\n\t\t\t\t<\/div>\n\t\t","protected":false},"excerpt":{"rendered":"<p>CUESTIONARIO E&#038;V Paisajista y autora del libro La huerta en tu casa. Destacada en la ense\u00f1anza, aconseja cultivar en casa: un camino de ida hacia la conexi\u00f3n con la naturaleza.<\/p>\n","protected":false},"author":1,"featured_media":1204,"comment_status":"closed","ping_status":"open","sticky":false,"template":"","format":"standard","meta":{"iawp_total_views":7,"footnotes":""},"categories":[4],"tags":[],"class_list":["post-1203","post","type-post","status-publish","format-standard","has-post-thumbnail","hentry","category-entrevistas"],"_links":{"self":[{"href":"https:\/\/economiayviveros.com.ar\/portada\/wp-json\/wp\/v2\/posts\/1203","targetHints":{"allow":["GET"]}}],"collection":[{"href":"https:\/\/economiayviveros.com.ar\/portada\/wp-json\/wp\/v2\/posts"}],"about":[{"href":"https:\/\/economiayviveros.com.ar\/portada\/wp-json\/wp\/v2\/types\/post"}],"author":[{"embeddable":true,"href":"https:\/\/economiayviveros.com.ar\/portada\/wp-json\/wp\/v2\/users\/1"}],"replies":[{"embeddable":true,"href":"https:\/\/economiayviveros.com.ar\/portada\/wp-json\/wp\/v2\/comments?post=1203"}],"version-history":[{"count":10,"href":"https:\/\/economiayviveros.com.ar\/portada\/wp-json\/wp\/v2\/posts\/1203\/revisions"}],"predecessor-version":[{"id":1286,"href":"https:\/\/economiayviveros.com.ar\/portada\/wp-json\/wp\/v2\/posts\/1203\/revisions\/1286"}],"wp:featuredmedia":[{"embeddable":true,"href":"https:\/\/economiayviveros.com.ar\/portada\/wp-json\/wp\/v2\/media\/1204"}],"wp:attachment":[{"href":"https:\/\/economiayviveros.com.ar\/portada\/wp-json\/wp\/v2\/media?parent=1203"}],"wp:term":[{"taxonomy":"category","embeddable":true,"href":"https:\/\/economiayviveros.com.ar\/portada\/wp-json\/wp\/v2\/categories?post=1203"},{"taxonomy":"post_tag","embeddable":true,"href":"https:\/\/economiayviveros.com.ar\/portada\/wp-json\/wp\/v2\/tags?post=1203"}],"curies":[{"name":"wp","href":"https:\/\/api.w.org\/{rel}","templated":true}]}}