{"id":1196,"date":"2025-02-01T14:36:16","date_gmt":"2025-02-01T17:36:16","guid":{"rendered":"https:\/\/economiayviveros.com.ar\/portada\/?p=1196"},"modified":"2025-03-01T18:55:42","modified_gmt":"2025-03-01T21:55:42","slug":"heladas-2024-el-caso-del-laurel-de-flor","status":"publish","type":"post","link":"https:\/\/economiayviveros.com.ar\/portada\/heladas-2024-el-caso-del-laurel-de-flor\/","title":{"rendered":"Heladas 2024: el caso del laurel de flor"},"content":{"rendered":"\t\t<div data-elementor-type=\"wp-post\" data-elementor-id=\"1196\" class=\"elementor elementor-1196\" data-elementor-post-type=\"post\">\n\t\t\t\t<div class=\"elementor-element elementor-element-4ac5db75 e-flex e-con-boxed e-con e-parent\" data-id=\"4ac5db75\" data-element_type=\"container\">\n\t\t\t\t\t<div class=\"e-con-inner\">\n\t\t\t\t<div class=\"elementor-element elementor-element-4a2eb9b elementor-widget elementor-widget-text-editor\" data-id=\"4a2eb9b\" data-element_type=\"widget\" data-widget_type=\"text-editor.default\">\n\t\t\t\t<div class=\"elementor-widget-container\">\n\t\t\t\t\t\t\t\t\t\n<figure class=\"wp-block-image size-large\"><img fetchpriority=\"high\" decoding=\"async\" width=\"1024\" height=\"682\" src=\"https:\/\/economiayviveros.com.ar\/portada\/wp-content\/uploads\/2025\/02\/Imagenes-de-nuestra-floricultura-Laureles-0225-G-1024x682.jpg\" alt=\"\" class=\"wp-image-1197\" srcset=\"https:\/\/economiayviveros.com.ar\/portada\/wp-content\/uploads\/2025\/02\/Imagenes-de-nuestra-floricultura-Laureles-0225-G-1024x682.jpg 1024w, https:\/\/economiayviveros.com.ar\/portada\/wp-content\/uploads\/2025\/02\/Imagenes-de-nuestra-floricultura-Laureles-0225-G-300x200.jpg 300w, https:\/\/economiayviveros.com.ar\/portada\/wp-content\/uploads\/2025\/02\/Imagenes-de-nuestra-floricultura-Laureles-0225-G-768x511.jpg 768w, https:\/\/economiayviveros.com.ar\/portada\/wp-content\/uploads\/2025\/02\/Imagenes-de-nuestra-floricultura-Laureles-0225-G.jpg 1202w\" sizes=\"(max-width: 1024px) 100vw, 1024px\" \/><figcaption class=\"wp-element-caption\">Laureles de flor: amarillo, a la izquierda; y rosa, a la derecha. Foto: <em>Econom\u00eda &amp; Viveros<\/em><\/figcaption><\/figure>\n\n\n\n<p>El a\u00f1o pasado, el INTA San Pedro registr\u00f3 temperaturas excepcionalmente bajas entre el 6 y el 11 de julio, con m\u00ednimas inferiores a -5 \u00b0C. Seg\u00fan los datos del organismo, estas cifras representan las m\u00e1s fr\u00edas que se hayan dado para un mes de julio, desde 1965. Durante esas jornadas, el fr\u00edo extremo se prolong\u00f3 entre 7 y 10 horas consecutivas, y provoc\u00f3 severos da\u00f1os a las plantas.<\/p>\n\n\n\n<p>Uno de los casos m\u00e1s llamativos fue el del laurel de flor (<em>Nerium oleander<\/em>), un arbusto muy r\u00fastico que, sin embargo, sufri\u00f3 un deterioro significativo. Tanto el INTA como los productores destacaron este hecho e, incluso, transmitieron la incertidumbre generada sobre la capacidad de multiplicaci\u00f3n que podr\u00eda haber tras el impacto de las heladas.<\/p>\n\n\n\n<p>Un vivero de la zona oeste de Buenos Aires, que contaba con plantas madre de flores blancas, rosas, rojas, amarillas y salm\u00f3n, realiz\u00f3 la reproducci\u00f3n por medio de gajos, como todos los a\u00f1os, pero esta vez obtuvo resultados muy dispares seg\u00fan el color.<\/p>\n\n\n\n<p>En primer lugar, ya se hab\u00eda observado que las plantas madre (ubicadas en el suelo), correspondientes a los colores blanco, rosa y rojo, hab\u00edan sido las m\u00e1s afectadas por las heladas, a pesar de que las cinco variedades hab\u00edan crecido bajo las mismas condiciones de cultivo.<\/p>\n\n\n\n<p>Al momento de la multiplicaci\u00f3n, los esquejes de flores amarillas y salm\u00f3n lograron un rendimiento normal; mientras que los de los otros tres colores mostraron una tasa de \u00e9xito inferior al 60 %. Y esto fue as\u00ed, incluso, cuando se utilizaron ramas que aparentemente estaban en buen estado (se descartaron las partes estropeadas).<\/p>\n\n\n\n<p>Como dato adicional, hay que decir que las variedades de flores amarillo y salm\u00f3n son de porte un poco m\u00e1s compacto y peque\u00f1o (no mucho) que las de flores blancas, rosas y rojas. Tambi\u00e9n, que las variedades de porte peque\u00f1o de color salm\u00f3n (se multiplican por injerto) tambi\u00e9n mostraron el mismo nivel de da\u00f1o que las variedades de color blanco, rosa y rojo.<\/p>\n\n\n\n<p>Este fen\u00f3meno abre interrogantes sobre la resistencia de distintas variedades del laurel de flor que, aparentemente, parecen iguales, frente a eventos clim\u00e1ticos extremos.<\/p>\n\t\t\t\t\t\t\t\t<\/div>\n\t\t\t\t<\/div>\n\t\t\t\t\t<\/div>\n\t\t\t\t<\/div>\n\t\t<div class=\"elementor-element elementor-element-a761722 e-flex e-con-boxed e-con e-parent\" data-id=\"a761722\" data-element_type=\"container\">\n\t\t\t\t\t<div class=\"e-con-inner\">\n\t\t\t\t<div class=\"elementor-element elementor-element-9d48df2 elementor-widget elementor-widget-text-editor\" data-id=\"9d48df2\" data-element_type=\"widget\" data-widget_type=\"text-editor.default\">\n\t\t\t\t<div class=\"elementor-widget-container\">\n\t\t\t\t\t\t\t\t\t<h1><span style=\"color: #333333;\">Sobre el autor<\/span><\/h1>\t\t\t\t\t\t\t\t<\/div>\n\t\t\t\t<\/div>\n\t\t\t\t\t<\/div>\n\t\t\t\t<\/div>\n\t\t<div class=\"elementor-element elementor-element-9069394 e-flex e-con-boxed e-con e-parent\" data-id=\"9069394\" data-element_type=\"container\">\n\t\t\t\t\t<div class=\"e-con-inner\">\n\t\t\t\t<div class=\"elementor-element elementor-element-1a92023 elementor-author-box--link-yes elementor-author-box--avatar-yes elementor-author-box--name-yes elementor-author-box--biography-yes elementor-widget elementor-widget-author-box\" data-id=\"1a92023\" data-element_type=\"widget\" data-widget_type=\"author-box.default\">\n\t\t\t\t<div class=\"elementor-widget-container\">\n\t\t\t\t\t\t\t<div class=\"elementor-author-box\">\n\t\t\t\t\t\t\t<a href=\"https:\/\/economiayviveros.com.ar\/portada\/author\/helena\/\" class=\"elementor-author-box__avatar\">\n\t\t\t\t\t<img decoding=\"async\" src=\"https:\/\/economiayviveros.com.ar\/portada\/wp-content\/uploads\/2024\/12\/Logo-5-hojas-300x300.png\" alt=\"Picture of Econom\u00eda &amp; Viveros\" loading=\"lazy\">\n\t\t\t\t<\/a>\n\t\t\t\n\t\t\t<div class=\"elementor-author-box__text\">\n\t\t\t\t\t\t\t\t\t<a href=\"https:\/\/economiayviveros.com.ar\/portada\/author\/helena\/\">\n\t\t\t\t\t\t<h4 class=\"elementor-author-box__name\">\n\t\t\t\t\t\t\tEconom\u00eda &amp; Viveros\t\t\t\t\t\t<\/h4>\n\t\t\t\t\t<\/a>\n\t\t\t\t\n\t\t\t\t\t\t\t\t\t<div class=\"elementor-author-box__bio\">\n\t\t\t\t\t\tDesde el 2009 brinda toda la informaci\u00f3n sobre la floricultura argentina.\r\n\r\nEdiciones mensuales.\t\t\t\t\t<\/div>\n\t\t\t\t\n\t\t\t\t\t\t\t\t\t<a class=\"elementor-author-box__button elementor-button elementor-size-xs\" href=\"https:\/\/economiayviveros.com.ar\/portada\/author\/helena\/\">\n\t\t\t\t\t\tM\u00e1s notas\t\t\t\t\t<\/a>\n\t\t\t\t\t\t\t<\/div>\n\t\t<\/div>\n\t\t\t\t\t\t<\/div>\n\t\t\t\t<\/div>\n\t\t\t\t\t<\/div>\n\t\t\t\t<\/div>\n\t\t<div class=\"elementor-element elementor-element-99bfaa2 e-flex e-con-boxed e-con e-parent\" data-id=\"99bfaa2\" data-element_type=\"container\">\n\t\t\t\t\t<div class=\"e-con-inner\">\n\t\t\t\t<div class=\"elementor-element elementor-element-e2fc07e elementor-widget elementor-widget-text-editor\" data-id=\"e2fc07e\" data-element_type=\"widget\" data-widget_type=\"text-editor.default\">\n\t\t\t\t<div class=\"elementor-widget-container\">\n\t\t\t\t\t\t\t\t\t<p><strong>Anuncios<\/strong><\/p>\n<p><strong><span style=\"color: #ff6600;\">Glacoxan<\/span> <\/strong>Conoce su l\u00ednea org\u00e1nica: Bio neem (insecticida y acaricida), Jab\u00f3n pot\u00e1sico (insecticida y acaricida), Savia (antiestr\u00e9s). <a href=\"https:\/\/www.glacoxan.com\/\" target=\"_blank\" rel=\"noopener\">www.glacoxan.com<\/a><\/p>\n<p><strong><span style=\"color: #ff6600;\">Cubresuelo<\/span><\/strong> F\u00e1brica de hilados y tejidos realizados en monofilamento de polietileno de alta densidad. <a href=\"https:\/\/textilkopruch.com\/\" target=\"_blank\" rel=\"noopener\">www.textilkopruch.com<\/a><\/p>\n<p><strong><span style=\"color: #ff6600;\">Importaci\u00f3n de semillas y bulbos<\/span><\/strong> Flores para maceta y de corte, arom\u00e1ticas, hortalizas. Alm\u00e1cigos, semillas, plugs y bulbos. <a href=\"https:\/\/economiayviveros.com.ar\/publicidad\/as\/index.html\" target=\"_blank\" rel=\"noopener\">Arie Sonneveldt<\/a><\/p>\n<p style=\"text-align: right;\">Anuncia aqu\u00ed<br \/><span style=\"color: #008000;\"><a style=\"color: #008000;\" href=\"mailto:revista@economiayviveros.com.ar\" target=\"_blank\" rel=\"noopener\">revista@economiayviveros.com.ar<\/a><\/span><\/p>\t\t\t\t\t\t\t\t<\/div>\n\t\t\t\t<\/div>\n\t\t\t\t\t<\/div>\n\t\t\t\t<\/div>\n\t\t\t\t<\/div>\n\t\t","protected":false},"excerpt":{"rendered":"<p>IM\u00c1GENES DE NUESTRA FLORICULTURA Despu\u00e9s de las fuertes heladas del invierno, muchas plantas, reconocidas como muy r\u00fasticas en el AMBA, se vieron afectadas. Qu\u00e9 pas\u00f3 con el Nerium oleander.<\/p>\n","protected":false},"author":1,"featured_media":1197,"comment_status":"closed","ping_status":"open","sticky":false,"template":"","format":"standard","meta":{"iawp_total_views":1,"footnotes":""},"categories":[3],"tags":[],"class_list":["post-1196","post","type-post","status-publish","format-standard","has-post-thumbnail","hentry","category-actualidad"],"_links":{"self":[{"href":"https:\/\/economiayviveros.com.ar\/portada\/wp-json\/wp\/v2\/posts\/1196","targetHints":{"allow":["GET"]}}],"collection":[{"href":"https:\/\/economiayviveros.com.ar\/portada\/wp-json\/wp\/v2\/posts"}],"about":[{"href":"https:\/\/economiayviveros.com.ar\/portada\/wp-json\/wp\/v2\/types\/post"}],"author":[{"embeddable":true,"href":"https:\/\/economiayviveros.com.ar\/portada\/wp-json\/wp\/v2\/users\/1"}],"replies":[{"embeddable":true,"href":"https:\/\/economiayviveros.com.ar\/portada\/wp-json\/wp\/v2\/comments?post=1196"}],"version-history":[{"count":4,"href":"https:\/\/economiayviveros.com.ar\/portada\/wp-json\/wp\/v2\/posts\/1196\/revisions"}],"predecessor-version":[{"id":1201,"href":"https:\/\/economiayviveros.com.ar\/portada\/wp-json\/wp\/v2\/posts\/1196\/revisions\/1201"}],"wp:featuredmedia":[{"embeddable":true,"href":"https:\/\/economiayviveros.com.ar\/portada\/wp-json\/wp\/v2\/media\/1197"}],"wp:attachment":[{"href":"https:\/\/economiayviveros.com.ar\/portada\/wp-json\/wp\/v2\/media?parent=1196"}],"wp:term":[{"taxonomy":"category","embeddable":true,"href":"https:\/\/economiayviveros.com.ar\/portada\/wp-json\/wp\/v2\/categories?post=1196"},{"taxonomy":"post_tag","embeddable":true,"href":"https:\/\/economiayviveros.com.ar\/portada\/wp-json\/wp\/v2\/tags?post=1196"}],"curies":[{"name":"wp","href":"https:\/\/api.w.org\/{rel}","templated":true}]}}